{"id":100,"date":"2021-02-06T17:53:42","date_gmt":"2021-02-06T17:53:42","guid":{"rendered":"https:\/\/geografiacriticaecuador.org\/justiciamigrante\/?p=100"},"modified":"2021-04-08T10:36:51","modified_gmt":"2021-04-08T10:36:51","slug":"la-diaspora-ecuatoriana-al-presente","status":"publish","type":"post","link":"https:\/\/geografiacriticaecuador.org\/justiciamigrante\/2021\/02\/06\/la-diaspora-ecuatoriana-al-presente\/","title":{"rendered":"(Sobre)viviendo entre Crisis: la di\u00e1spora ecuatoriana al presente"},"content":{"rendered":"\n<p>A veinte a\u00f1os del \u00e9xodo provocado por la crisis del nuevo milenio, cabe preguntarse: \u00bfC\u00f3mo se ha transformado la emigraci\u00f3n ecuatoriana? \u00bfQu\u00e9 condiciones globales y nacionales han provocado esos cambios? \u00bfCu\u00e1l es la situaci\u00f3n vital de los lxs ecuatorianxs que residen en diversas ciudades de U.S., Espa\u00f1a e Italia, principales destinos migratorios de la di\u00e1spora ecuatoriana? \u00bfCu\u00e1l es su condici\u00f3n migratoria, socio-econ\u00f3mica y c\u00f3mo se cumplen sus derechos en esos destinos? \u00bfCu\u00e1les son los mayores contrastes entre las experiencias de ser migrante en U.S., Espa\u00f1a e Italia? \u00bfQu\u00e9 tipo de v\u00ednculos mantiene esa di\u00e1spora con Ecuador? \u00bfQu\u00e9 nuevas din\u00e1micas migratorias se perfilan como consecuencia de la salida de esa generaci\u00f3n de j\u00f3venes migrantes ecuatorianxs que hasta aqu\u00ed han re-hecho sus vidas en esos tres destinos?, \u00bfCu\u00e1les han sido las afectaciones que los ecuatorianxs migrantes han enfrentado durante la pandemia del COVID-19?, y, \u00bfcu\u00e1l ha sido la relaci\u00f3n que esa di\u00e1spora ha mantenido con el Estado ecuatoriano?<\/p>\n\n\n\n<p>A partir de una aproximaci\u00f3n anal\u00edtica que combina un an\u00e1lisis hist\u00f3rico, de cifras de la emigraci\u00f3n ecuatoriana, de material etnogr\u00e1fico que surge de entrevistas a profundidad con 15 migrantes ecuatorianxs residentes en Nueva York, G\u00e9nova y Barcelona, el objetivo de este texto es sugerir respuestas a esas preguntas centrales.&nbsp;<\/p>\n\n\n\n<div class=\"wp-block-file\"><a href=\"https:\/\/geografiacriticaecuador.org\/justiciamigrante\/wp-content\/uploads\/2021\/04\/Cartilla-Diaspora.pdf\">Cartilla en PDF: (Sobre)viviendo entre Crisis: la di\u00e1spora ecuatoriana al presente<\/a><a href=\"https:\/\/geografiacriticaecuador.org\/justiciamigrante\/wp-content\/uploads\/2021\/04\/Cartilla-Diaspora.pdf\" class=\"wp-block-file__button\" download>Descarga<\/a><\/div>\n\n\n\n<p>La publicaci\u00f3n se sintetiza en dos infograf\u00edas, por un lado una l\u00ednea del tiempo para comprender de un vistazo la evoluci\u00f3n y vicisitudes en las \u00faltimas d\u00e9cadas de la di\u00e1spora ecuatoriana:<\/p>\n\n\n\n<div class=\"wp-block-file\"><a href=\"https:\/\/geografiacriticaecuador.org\/justiciamigrante\/wp-content\/uploads\/2021\/04\/Infografia-Diaspora-1-1.pdf\">L\u00ednea del tiempo descargable en m\u00e1xima resoluci\u00f3n:<\/a><a href=\"https:\/\/geografiacriticaecuador.org\/justiciamigrante\/wp-content\/uploads\/2021\/04\/Infografia-Diaspora-1-1.pdf\" class=\"wp-block-file__button\" download>Descarga<\/a><\/div>\n\n\n\n<figure class=\"wp-block-image size-large\"><img decoding=\"async\" src=\"https:\/\/geografiacriticaecuador.org\/justiciamigrante\/wp-content\/uploads\/2021\/04\/Infografia-Diaspora-1.jpg\" alt=\"\" class=\"wp-image-171\"\/><\/figure>\n\n\n\n<p>As\u00ed como una tabla resumen de los Contrastes y Similitudes que existen para la poblaci\u00f3n ecuatoriana en Estados Unidos, Italia y Espa\u00f1a:<\/p>\n\n\n\n<div class=\"wp-block-file\"><a href=\"https:\/\/geografiacriticaecuador.org\/justiciamigrante\/wp-content\/uploads\/2021\/04\/Infografia-Diaspora-2.pdf\">Contrastes y similitudes por pa\u00edses descargable en m\u00e1xima resoluci\u00f3n:<\/a><a href=\"https:\/\/geografiacriticaecuador.org\/justiciamigrante\/wp-content\/uploads\/2021\/04\/Infografia-Diaspora-2.pdf\" class=\"wp-block-file__button\" download>Descarga<\/a><\/div>\n\n\n\n<figure class=\"wp-block-image size-large\"><img loading=\"lazy\" decoding=\"async\" width=\"370\" height=\"1024\" src=\"https:\/\/geografiacriticaecuador.org\/justiciamigrante\/wp-content\/uploads\/2021\/04\/Infografia-Diaspora-2-370x1024.jpg\" alt=\"\" class=\"wp-image-173\" srcset=\"https:\/\/geografiacriticaecuador.org\/justiciamigrante\/wp-content\/uploads\/2021\/04\/Infografia-Diaspora-2-370x1024.jpg 370w, https:\/\/geografiacriticaecuador.org\/justiciamigrante\/wp-content\/uploads\/2021\/04\/Infografia-Diaspora-2-108x300.jpg 108w, https:\/\/geografiacriticaecuador.org\/justiciamigrante\/wp-content\/uploads\/2021\/04\/Infografia-Diaspora-2-768x2125.jpg 768w, https:\/\/geografiacriticaecuador.org\/justiciamigrante\/wp-content\/uploads\/2021\/04\/Infografia-Diaspora-2-555x1536.jpg 555w, https:\/\/geografiacriticaecuador.org\/justiciamigrante\/wp-content\/uploads\/2021\/04\/Infografia-Diaspora-2-740x2048.jpg 740w, https:\/\/geografiacriticaecuador.org\/justiciamigrante\/wp-content\/uploads\/2021\/04\/Infografia-Diaspora-2.jpg 925w\" sizes=\"auto, (max-width: 370px) 100vw, 370px\" \/><\/figure>\n\n\n\n<p><\/p>\n","protected":false},"excerpt":{"rendered":"<p>A veinte a\u00f1os del \u00e9xodo provocado por la crisis del nuevo milenio, cabe preguntarse: \u00bfC\u00f3mo<\/p>\n","protected":false},"author":2,"featured_media":112,"comment_status":"open","ping_status":"open","sticky":false,"template":"","format":"standard","meta":{"nf_dc_page":"","footnotes":""},"categories":[6],"tags":[],"class_list":["post-100","post","type-post","status-publish","format-standard","has-post-thumbnail","hentry","category-cartilla"],"_links":{"self":[{"href":"https:\/\/geografiacriticaecuador.org\/justiciamigrante\/wp-json\/wp\/v2\/posts\/100","targetHints":{"allow":["GET"]}}],"collection":[{"href":"https:\/\/geografiacriticaecuador.org\/justiciamigrante\/wp-json\/wp\/v2\/posts"}],"about":[{"href":"https:\/\/geografiacriticaecuador.org\/justiciamigrante\/wp-json\/wp\/v2\/types\/post"}],"author":[{"embeddable":true,"href":"https:\/\/geografiacriticaecuador.org\/justiciamigrante\/wp-json\/wp\/v2\/users\/2"}],"replies":[{"embeddable":true,"href":"https:\/\/geografiacriticaecuador.org\/justiciamigrante\/wp-json\/wp\/v2\/comments?post=100"}],"version-history":[{"count":4,"href":"https:\/\/geografiacriticaecuador.org\/justiciamigrante\/wp-json\/wp\/v2\/posts\/100\/revisions"}],"predecessor-version":[{"id":178,"href":"https:\/\/geografiacriticaecuador.org\/justiciamigrante\/wp-json\/wp\/v2\/posts\/100\/revisions\/178"}],"wp:featuredmedia":[{"embeddable":true,"href":"https:\/\/geografiacriticaecuador.org\/justiciamigrante\/wp-json\/wp\/v2\/media\/112"}],"wp:attachment":[{"href":"https:\/\/geografiacriticaecuador.org\/justiciamigrante\/wp-json\/wp\/v2\/media?parent=100"}],"wp:term":[{"taxonomy":"category","embeddable":true,"href":"https:\/\/geografiacriticaecuador.org\/justiciamigrante\/wp-json\/wp\/v2\/categories?post=100"},{"taxonomy":"post_tag","embeddable":true,"href":"https:\/\/geografiacriticaecuador.org\/justiciamigrante\/wp-json\/wp\/v2\/tags?post=100"}],"curies":[{"name":"wp","href":"https:\/\/api.w.org\/{rel}","templated":true}]}}