{"id":102,"date":"2021-02-06T17:54:12","date_gmt":"2021-02-06T17:54:12","guid":{"rendered":"https:\/\/geografiacriticaecuador.org\/justiciamigrante\/?p=102"},"modified":"2021-04-08T10:36:51","modified_gmt":"2021-04-08T10:36:51","slug":"desproteccion-a-personas-refugiadas","status":"publish","type":"post","link":"https:\/\/geografiacriticaecuador.org\/justiciamigrante\/2021\/02\/06\/desproteccion-a-personas-refugiadas\/","title":{"rendered":"(Des)protecci\u00f3n a las personas refugiadas en Ecuador"},"content":{"rendered":"\n<p>Esta Cartilla recoge de forma hist\u00f3rica cu\u00e1les han sido las sucesivas formas de limitaci\u00f3n del refugio desde que a finales de la d\u00e9cada de los 2000 Ecuador se (auto)proclamara como el pa\u00eds modelo del refugio internacional a trav\u00e9s del \u00abRegistro Ampliado\u00bb y la nueva Constituci\u00f3n en 2008.<\/p>\n\n\n\n<p>A partir de una aproximaci\u00f3n metodol\u00f3gica que combina un an\u00e1lisis hist\u00f3rico, de cifras oficiales de concesi\u00f3n de estatus de refugio, y de material etnogr\u00e1fico que surge de entrevistas a profundidad con 9 personas refugiadas en Ecuador procedentes de Pakist\u00e1n, Nigeria, Colombia Venezuela y Hait\u00ed, el texto muestra c\u00f3mo las limitaciones sucesivas al derecho al refugio y el abandono estatal han configurado una situaci\u00f3n muy dif\u00edcil para la poblaci\u00f3n refugiada o peticionaria de refugio.<\/p>\n\n\n\n<p>Pese a que el Estado ecuatoriano se representa a s\u00ed mismo como un adalid del refugio por sus estad\u00edsticas relativas a otros pa\u00edses de la regi\u00f3n, y de la no criminalizaci\u00f3n de las personas que llegan al pa\u00eds solicitando el estatus de refugio, este trabajo permite constatar la continuidad que se ha dado desde durante los sucesivos gobiernos de 2008 a 2021 en la congelaci\u00f3n del ejercicio efectivo del derecho al refugio a trav\u00e9s de legislaci\u00f3n, normas, tr\u00e1mites burocr\u00e1ticos y otras barreras administrativas. El gobierno actual vincula a la pandemia la situaci\u00f3n general de empobrecimiento, pero la cartilla muestra c\u00f3mo la (des)protecci\u00f3n estatal est\u00e1 en el centro de las vulneraciones de derechos.<\/p>\n\n\n\n<div class=\"wp-block-file\"><a href=\"https:\/\/geografiacriticaecuador.org\/justiciamigrante\/wp-content\/uploads\/2021\/04\/Cartilla-Refugio.pdf\">Cartilla completa en PDF: (Des)protecci\u00f3n a las personas refugiadas en Ecuador<\/a><a href=\"https:\/\/geografiacriticaecuador.org\/justiciamigrante\/wp-content\/uploads\/2021\/04\/Cartilla-Refugio.pdf\" class=\"wp-block-file__button\" download>Descarga<\/a><\/div>\n\n\n\n<p>La publicaci\u00f3n se sintetiza en dos infograf\u00edas, por un lado una l\u00ednea del tiempo para comprender de un vistazo la evoluci\u00f3n y vicisitudes en el refugio en Ecuador:<\/p>\n\n\n\n<div class=\"wp-block-file\"><a href=\"https:\/\/geografiacriticaecuador.org\/justiciamigrante\/wp-content\/uploads\/2021\/04\/Infografia-Refugio-1.pdf\">L\u00ednea del tiempo descargable en m\u00e1xima resoluci\u00f3n:<\/a><a href=\"https:\/\/geografiacriticaecuador.org\/justiciamigrante\/wp-content\/uploads\/2021\/04\/Infografia-Refugio-1.pdf\" class=\"wp-block-file__button\" download>Descarga<\/a><\/div>\n\n\n\n<figure class=\"wp-block-image size-large\"><img loading=\"lazy\" decoding=\"async\" width=\"1024\" height=\"593\" src=\"https:\/\/geografiacriticaecuador.org\/justiciamigrante\/wp-content\/uploads\/2021\/04\/Infografia-Refugio-1-1024x593.jpg\" alt=\"\" class=\"wp-image-158\" srcset=\"https:\/\/geografiacriticaecuador.org\/justiciamigrante\/wp-content\/uploads\/2021\/04\/Infografia-Refugio-1-1024x593.jpg 1024w, https:\/\/geografiacriticaecuador.org\/justiciamigrante\/wp-content\/uploads\/2021\/04\/Infografia-Refugio-1-300x174.jpg 300w, https:\/\/geografiacriticaecuador.org\/justiciamigrante\/wp-content\/uploads\/2021\/04\/Infografia-Refugio-1-768x445.jpg 768w, https:\/\/geografiacriticaecuador.org\/justiciamigrante\/wp-content\/uploads\/2021\/04\/Infografia-Refugio-1-1536x889.jpg 1536w, https:\/\/geografiacriticaecuador.org\/justiciamigrante\/wp-content\/uploads\/2021\/04\/Infografia-Refugio-1-2048x1186.jpg 2048w\" sizes=\"auto, (max-width: 1024px) 100vw, 1024px\" \/><\/figure>\n\n\n\n<p>As\u00ed como un mapamundi de las situaciones de vulneraci\u00f3n de derechos en los principales pa\u00edses procedentes de las personas refugiadas en Ecuador:<\/p>\n\n\n\n<div class=\"wp-block-file\"><a href=\"https:\/\/geografiacriticaecuador.org\/justiciamigrante\/wp-content\/uploads\/2021\/04\/Infografia-Refugio-2.pdf\">Mapamundi en PDF con m\u00e1xima resoluci\u00f3n:<\/a><a href=\"https:\/\/geografiacriticaecuador.org\/justiciamigrante\/wp-content\/uploads\/2021\/04\/Infografia-Refugio-2.pdf\" class=\"wp-block-file__button\" download>Descarga<\/a><\/div>\n\n\n\n<figure class=\"wp-block-image size-large\"><img decoding=\"async\" src=\"https:\/\/geografiacriticaecuador.org\/justiciamigrante\/wp-content\/uploads\/2021\/04\/Infografia-Refugio-2.jpg\" alt=\"\" class=\"wp-image-160\"\/><\/figure>\n\n\n\n<p><\/p>\n","protected":false},"excerpt":{"rendered":"<p>Esta Cartilla recoge de forma hist\u00f3rica cu\u00e1les han sido las sucesivas formas de limitaci\u00f3n del<\/p>\n","protected":false},"author":2,"featured_media":113,"comment_status":"open","ping_status":"open","sticky":false,"template":"","format":"standard","meta":{"nf_dc_page":"","footnotes":""},"categories":[6],"tags":[],"class_list":["post-102","post","type-post","status-publish","format-standard","has-post-thumbnail","hentry","category-cartilla"],"_links":{"self":[{"href":"https:\/\/geografiacriticaecuador.org\/justiciamigrante\/wp-json\/wp\/v2\/posts\/102","targetHints":{"allow":["GET"]}}],"collection":[{"href":"https:\/\/geografiacriticaecuador.org\/justiciamigrante\/wp-json\/wp\/v2\/posts"}],"about":[{"href":"https:\/\/geografiacriticaecuador.org\/justiciamigrante\/wp-json\/wp\/v2\/types\/post"}],"author":[{"embeddable":true,"href":"https:\/\/geografiacriticaecuador.org\/justiciamigrante\/wp-json\/wp\/v2\/users\/2"}],"replies":[{"embeddable":true,"href":"https:\/\/geografiacriticaecuador.org\/justiciamigrante\/wp-json\/wp\/v2\/comments?post=102"}],"version-history":[{"count":4,"href":"https:\/\/geografiacriticaecuador.org\/justiciamigrante\/wp-json\/wp\/v2\/posts\/102\/revisions"}],"predecessor-version":[{"id":179,"href":"https:\/\/geografiacriticaecuador.org\/justiciamigrante\/wp-json\/wp\/v2\/posts\/102\/revisions\/179"}],"wp:featuredmedia":[{"embeddable":true,"href":"https:\/\/geografiacriticaecuador.org\/justiciamigrante\/wp-json\/wp\/v2\/media\/113"}],"wp:attachment":[{"href":"https:\/\/geografiacriticaecuador.org\/justiciamigrante\/wp-json\/wp\/v2\/media?parent=102"}],"wp:term":[{"taxonomy":"category","embeddable":true,"href":"https:\/\/geografiacriticaecuador.org\/justiciamigrante\/wp-json\/wp\/v2\/categories?post=102"},{"taxonomy":"post_tag","embeddable":true,"href":"https:\/\/geografiacriticaecuador.org\/justiciamigrante\/wp-json\/wp\/v2\/tags?post=102"}],"curies":[{"name":"wp","href":"https:\/\/api.w.org\/{rel}","templated":true}]}}