{"id":104,"date":"2021-03-06T17:54:37","date_gmt":"2021-03-06T17:54:37","guid":{"rendered":"https:\/\/geografiacriticaecuador.org\/justiciamigrante\/?p=104"},"modified":"2021-04-08T10:00:30","modified_gmt":"2021-04-08T10:00:30","slug":"viviendo-al-limite-3","status":"publish","type":"post","link":"https:\/\/geografiacriticaecuador.org\/justiciamigrante\/2021\/03\/06\/viviendo-al-limite-3\/","title":{"rendered":"Ser inmigrante en Ecuador en tiempos de COVID-19"},"content":{"rendered":"\n<p>En base a datos cuantitativos y cualitativos, esta Cartilla analiza el impacto que la pandemia de COVID-19 ha tenido en las vidas migrantes en Ecuador. Los datos y relatos muestran c\u00f3mo los derechos al refugio, al trabajo, a la vivienda, a la salud y a la educaci\u00f3n se han visto fuertemente vulnerados, as\u00ed como el patriarcado y la xenofobia se han visto acentuadas contra las personas en situaci\u00f3n de movilidad humana. Ante esta situaci\u00f3n y la desatenci\u00f3n total por parte del Estado, la solidaridad migrante ha sido la salida m\u00e1s frecuente, con redes de apoyo mutuo o epidemiolog\u00eda popular como estrategias para sostenerse.<\/p>\n\n\n\n<div class=\"wp-block-file\"><a href=\"https:\/\/geografiacriticaecuador.org\/justiciamigrante\/wp-content\/uploads\/2021\/04\/CARTILLA-3-FINAL.pdf\">Cartilla completa en PDF: Ser migrante en Ecuador en tiempos de COVID-19<\/a><a href=\"https:\/\/geografiacriticaecuador.org\/justiciamigrante\/wp-content\/uploads\/2021\/04\/CARTILLA-3-FINAL.pdf\" class=\"wp-block-file__button\" download>Descarga<\/a><\/div>\n\n\n\n<p>Esta serie de tres cartillas \u201cViviendo al L\u00edmite\u201d busca dar cuenta de la situaci\u00f3n vital de las personas migrantes en Ecuador, la vulneraci\u00f3n de sus derechos, la irregularidad migrante, y a la vez las formas de organizaci\u00f3n, solidaridad y resistencia colectiva Siguiendo la metodolog\u00eda de la pedagog\u00eda migrante, desde una metodolog\u00eda mixta, las tres cartillas muestran datos estad\u00edsticos, mapas, reflexiones anal\u00edticas cualitativas, datos etnogr\u00e1ficos y testimonios de migrantes regionales y extra-continentales en torno a sus vidas en el pa\u00eds. La serie ha sido elaborada por el Colectivo de Geograf\u00eda junto a la Red Clamor, que agrupa a los equipos que trabajan sobre Movilidad Humana en Misi\u00f3n Scalabriniana, Servicio Jesuita al Refugiado y C\u00e1ritas, y con la participaci\u00f3n en la investigaci\u00f3n de la asociaci\u00f3n Migrante Universal.<\/p>\n","protected":false},"excerpt":{"rendered":"<p>En base a datos cuantitativos y cualitativos, esta Cartilla analiza el impacto que la pandemia<\/p>\n","protected":false},"author":2,"featured_media":136,"comment_status":"open","ping_status":"open","sticky":false,"template":"","format":"standard","meta":{"nf_dc_page":"","footnotes":""},"categories":[6],"tags":[],"class_list":["post-104","post","type-post","status-publish","format-standard","has-post-thumbnail","hentry","category-cartilla"],"_links":{"self":[{"href":"https:\/\/geografiacriticaecuador.org\/justiciamigrante\/wp-json\/wp\/v2\/posts\/104","targetHints":{"allow":["GET"]}}],"collection":[{"href":"https:\/\/geografiacriticaecuador.org\/justiciamigrante\/wp-json\/wp\/v2\/posts"}],"about":[{"href":"https:\/\/geografiacriticaecuador.org\/justiciamigrante\/wp-json\/wp\/v2\/types\/post"}],"author":[{"embeddable":true,"href":"https:\/\/geografiacriticaecuador.org\/justiciamigrante\/wp-json\/wp\/v2\/users\/2"}],"replies":[{"embeddable":true,"href":"https:\/\/geografiacriticaecuador.org\/justiciamigrante\/wp-json\/wp\/v2\/comments?post=104"}],"version-history":[{"count":3,"href":"https:\/\/geografiacriticaecuador.org\/justiciamigrante\/wp-json\/wp\/v2\/posts\/104\/revisions"}],"predecessor-version":[{"id":149,"href":"https:\/\/geografiacriticaecuador.org\/justiciamigrante\/wp-json\/wp\/v2\/posts\/104\/revisions\/149"}],"wp:featuredmedia":[{"embeddable":true,"href":"https:\/\/geografiacriticaecuador.org\/justiciamigrante\/wp-json\/wp\/v2\/media\/136"}],"wp:attachment":[{"href":"https:\/\/geografiacriticaecuador.org\/justiciamigrante\/wp-json\/wp\/v2\/media?parent=104"}],"wp:term":[{"taxonomy":"category","embeddable":true,"href":"https:\/\/geografiacriticaecuador.org\/justiciamigrante\/wp-json\/wp\/v2\/categories?post=104"},{"taxonomy":"post_tag","embeddable":true,"href":"https:\/\/geografiacriticaecuador.org\/justiciamigrante\/wp-json\/wp\/v2\/tags?post=104"}],"curies":[{"name":"wp","href":"https:\/\/api.w.org\/{rel}","templated":true}]}}