{"id":106,"date":"2021-03-06T17:55:01","date_gmt":"2021-03-06T17:55:01","guid":{"rendered":"https:\/\/geografiacriticaecuador.org\/justiciamigrante\/?p=106"},"modified":"2021-04-08T09:54:51","modified_gmt":"2021-04-08T09:54:51","slug":"viviendo-al-limite-2","status":"publish","type":"post","link":"https:\/\/geografiacriticaecuador.org\/justiciamigrante\/2021\/03\/06\/viviendo-al-limite-2\/","title":{"rendered":"Migrantes irregularizados en Ecuador"},"content":{"rendered":"\n<p>\u00bfC\u00f3mo se produce la irregularidad migrante en Ecuador y qu\u00e9 implicaciones tiene en las vidas migrantes que hoy residen en m\u00faltiples ciudades del pa\u00eds? El objetivo de esta Cartilla es dar respuesta a esta interrogante. A partir de una investigaci\u00f3n mixta, que combina an\u00e1lisis cualitativo y cuantitativo, ahondaremos en c\u00f3mo el continuum del redoblamiento del control migratorio en Ecuador entre 2008 y 2020, incluidos sus candados legales, que producen la irregularidad migrante.<\/p>\n\n\n\n<div class=\"wp-block-file\"><a href=\"https:\/\/geografiacriticaecuador.org\/justiciamigrante\/wp-content\/uploads\/2021\/04\/CARTILLA-2-FINAL.pdf\">Cartillas completa en PDF: Migrantes irregularizados en Ecuador<\/a><a href=\"https:\/\/geografiacriticaecuador.org\/justiciamigrante\/wp-content\/uploads\/2021\/04\/CARTILLA-2-FINAL.pdf\" class=\"wp-block-file__button\" download>Descarga<\/a><\/div>\n\n\n\n<p>Esta serie de tres cartillas \u201cViviendo al L\u00edmite\u201d busca dar cuenta de la situaci\u00f3n vital de las personas migrantes en Ecuador, la vulneraci\u00f3n de sus derechos, la irregularidad migrante, y a la vez las formas de organizaci\u00f3n, solidaridad y resistencia colectiva Siguiendo la metodolog\u00eda de la pedagog\u00eda migrante, desde una metodolog\u00eda mixta, las tres cartillas muestran datos estad\u00edsticos, mapas, reflexiones anal\u00edticas cualitativas, datos etnogr\u00e1ficos y testimonios de migrantes regionales y extra-continentales en torno a sus vidas en el pa\u00eds. La serie ha sido elaborada por el Colectivo de Geograf\u00eda junto a la Red Clamor, que agrupa a los equipos que trabajan sobre Movilidad Humana en Misi\u00f3n Scalabriniana, Servicio Jesuita al Refugiado y C\u00e1ritas, y con la participaci\u00f3n en la investigaci\u00f3n de la asociaci\u00f3n Migrante Universal.<\/p>\n","protected":false},"excerpt":{"rendered":"<p>\u00bfC\u00f3mo se produce la irregularidad migrante en Ecuador y qu\u00e9 implicaciones tiene en las vidas<\/p>\n","protected":false},"author":2,"featured_media":135,"comment_status":"open","ping_status":"open","sticky":false,"template":"","format":"standard","meta":{"nf_dc_page":"","footnotes":""},"categories":[6],"tags":[],"class_list":["post-106","post","type-post","status-publish","format-standard","has-post-thumbnail","hentry","category-cartilla"],"_links":{"self":[{"href":"https:\/\/geografiacriticaecuador.org\/justiciamigrante\/wp-json\/wp\/v2\/posts\/106","targetHints":{"allow":["GET"]}}],"collection":[{"href":"https:\/\/geografiacriticaecuador.org\/justiciamigrante\/wp-json\/wp\/v2\/posts"}],"about":[{"href":"https:\/\/geografiacriticaecuador.org\/justiciamigrante\/wp-json\/wp\/v2\/types\/post"}],"author":[{"embeddable":true,"href":"https:\/\/geografiacriticaecuador.org\/justiciamigrante\/wp-json\/wp\/v2\/users\/2"}],"replies":[{"embeddable":true,"href":"https:\/\/geografiacriticaecuador.org\/justiciamigrante\/wp-json\/wp\/v2\/comments?post=106"}],"version-history":[{"count":3,"href":"https:\/\/geografiacriticaecuador.org\/justiciamigrante\/wp-json\/wp\/v2\/posts\/106\/revisions"}],"predecessor-version":[{"id":145,"href":"https:\/\/geografiacriticaecuador.org\/justiciamigrante\/wp-json\/wp\/v2\/posts\/106\/revisions\/145"}],"wp:featuredmedia":[{"embeddable":true,"href":"https:\/\/geografiacriticaecuador.org\/justiciamigrante\/wp-json\/wp\/v2\/media\/135"}],"wp:attachment":[{"href":"https:\/\/geografiacriticaecuador.org\/justiciamigrante\/wp-json\/wp\/v2\/media?parent=106"}],"wp:term":[{"taxonomy":"category","embeddable":true,"href":"https:\/\/geografiacriticaecuador.org\/justiciamigrante\/wp-json\/wp\/v2\/categories?post=106"},{"taxonomy":"post_tag","embeddable":true,"href":"https:\/\/geografiacriticaecuador.org\/justiciamigrante\/wp-json\/wp\/v2\/tags?post=106"}],"curies":[{"name":"wp","href":"https:\/\/api.w.org\/{rel}","templated":true}]}}