{"id":108,"date":"2021-03-06T17:55:22","date_gmt":"2021-03-06T17:55:22","guid":{"rendered":"https:\/\/geografiacriticaecuador.org\/justiciamigrante\/?p=108"},"modified":"2021-04-08T09:52:26","modified_gmt":"2021-04-08T09:52:26","slug":"viviendo-al-limite-1","status":"publish","type":"post","link":"https:\/\/geografiacriticaecuador.org\/justiciamigrante\/2021\/03\/06\/viviendo-al-limite-1\/","title":{"rendered":"Entre la discriminaci\u00f3n y la indolencia: una aproximaci\u00f3n a la inmigraci\u00f3n en Ecuador"},"content":{"rendered":"\n<p>La primera cartilla da cuenta de las formas en las que se vulneran los derechos de la poblaci\u00f3n inmigrante en el pa\u00eds. El an\u00e1lisis que presentamos se fundamenta en una mirada contextual sobre la crisis social y econ\u00f3mica acumulada que, desde el 2014, impacta al Ecuador. La cartilla analiza el patr\u00f3n inmigratorio de la \u00faltima d\u00e9cada en Ecuador, caracteriza la crisis social y econ\u00f3mica que se vive y sus impactos en la poblaci\u00f3n inmigrante, y caracteriza el contexto en Venezuela y la di\u00e1spora que est\u00e1 provocando, que ha sido cuantitativa y cualitativamente la m\u00e1s importante en el \u00faltimo lustro. En su parte central se analiza la compleja situaci\u00f3n que la poblaci\u00f3n inmigrante en Ecuador atraviesa en el ejercicio de derechos econ\u00f3micos, sociales y culturales, y finaliza con los desaf\u00edos que afronta el Estado Ecuatoriano en materia de derechos humanos de la poblaci\u00f3n inmigrante viviendo en Ecuador.<\/p>\n\n\n\n<div class=\"wp-block-file\"><a href=\"https:\/\/geografiacriticaecuador.org\/justiciamigrante\/wp-content\/uploads\/2021\/04\/CARTILLA-1-FINAL.pdf\" target=\"_blank\" rel=\"noreferrer noopener\">Cartilla completa en PDF: Entre la discriminaci\u00f3n y la indolencia: una aproximaci\u00f3n a la inmigraci\u00f3n en Ecuador<\/a><a href=\"https:\/\/geografiacriticaecuador.org\/justiciamigrante\/wp-content\/uploads\/2021\/04\/CARTILLA-1-FINAL.pdf\" class=\"wp-block-file__button\" download>Descarga<\/a><\/div>\n\n\n\n<p>Esta serie de tres cartillas \u201cViviendo al L\u00edmite\u201d busca dar cuenta de la situaci\u00f3n vital de las personas migrantes en Ecuador, la vulneraci\u00f3n de sus derechos, la irregularidad migrante, y a la vez las formas de organizaci\u00f3n, solidaridad y resistencia colectiva Siguiendo la metodolog\u00eda de la pedagog\u00eda migrante, desde una metodolog\u00eda mixta, las tres cartillas muestran datos estad\u00edsticos, mapas, reflexiones anal\u00edticas cualitativas, datos etnogr\u00e1ficos y testimonios de migrantes regionales y extra-continentales en torno a sus vidas en el pa\u00eds. La serie ha sido elaborada por el Colectivo de Geograf\u00eda junto a la Red Clamor, que agrupa a los equipos que trabajan sobre Movilidad Humana en Misi\u00f3n Scalabriniana, Servicio Jesuita al Refugiado y C\u00e1ritas, y con la participaci\u00f3n en la investigaci\u00f3n de la asociaci\u00f3n Migrante Universal.<\/p>\n","protected":false},"excerpt":{"rendered":"<p>La primera cartilla da cuenta de las formas en las que se vulneran los derechos<\/p>\n","protected":false},"author":2,"featured_media":134,"comment_status":"open","ping_status":"open","sticky":false,"template":"","format":"standard","meta":{"nf_dc_page":"","footnotes":""},"categories":[6],"tags":[],"class_list":["post-108","post","type-post","status-publish","format-standard","has-post-thumbnail","hentry","category-cartilla"],"_links":{"self":[{"href":"https:\/\/geografiacriticaecuador.org\/justiciamigrante\/wp-json\/wp\/v2\/posts\/108","targetHints":{"allow":["GET"]}}],"collection":[{"href":"https:\/\/geografiacriticaecuador.org\/justiciamigrante\/wp-json\/wp\/v2\/posts"}],"about":[{"href":"https:\/\/geografiacriticaecuador.org\/justiciamigrante\/wp-json\/wp\/v2\/types\/post"}],"author":[{"embeddable":true,"href":"https:\/\/geografiacriticaecuador.org\/justiciamigrante\/wp-json\/wp\/v2\/users\/2"}],"replies":[{"embeddable":true,"href":"https:\/\/geografiacriticaecuador.org\/justiciamigrante\/wp-json\/wp\/v2\/comments?post=108"}],"version-history":[{"count":3,"href":"https:\/\/geografiacriticaecuador.org\/justiciamigrante\/wp-json\/wp\/v2\/posts\/108\/revisions"}],"predecessor-version":[{"id":140,"href":"https:\/\/geografiacriticaecuador.org\/justiciamigrante\/wp-json\/wp\/v2\/posts\/108\/revisions\/140"}],"wp:featuredmedia":[{"embeddable":true,"href":"https:\/\/geografiacriticaecuador.org\/justiciamigrante\/wp-json\/wp\/v2\/media\/134"}],"wp:attachment":[{"href":"https:\/\/geografiacriticaecuador.org\/justiciamigrante\/wp-json\/wp\/v2\/media?parent=108"}],"wp:term":[{"taxonomy":"category","embeddable":true,"href":"https:\/\/geografiacriticaecuador.org\/justiciamigrante\/wp-json\/wp\/v2\/categories?post=108"},{"taxonomy":"post_tag","embeddable":true,"href":"https:\/\/geografiacriticaecuador.org\/justiciamigrante\/wp-json\/wp\/v2\/tags?post=108"}],"curies":[{"name":"wp","href":"https:\/\/api.w.org\/{rel}","templated":true}]}}