{"id":18,"date":"2021-04-01T16:41:00","date_gmt":"2021-04-01T16:41:00","guid":{"rendered":"https:\/\/geografiacriticaecuador.org\/justiciamigrante\/?p=18"},"modified":"2021-04-09T15:43:06","modified_gmt":"2021-04-09T15:43:06","slug":"presentacion-del-repositorio","status":"publish","type":"post","link":"https:\/\/geografiacriticaecuador.org\/justiciamigrante\/2021\/04\/01\/presentacion-del-repositorio\/","title":{"rendered":"Presentaci\u00f3n del repositorio"},"content":{"rendered":"\n<p>Este repositorio responde a la necesidad de comunicar el contenido de las Cartillas Migratorios 2021, que muestran cu\u00e1l es la situaci\u00f3n de la movilidad humana en Ecuador desde diferentes aristas.<\/p>\n\n\n\n<p>Se trata de un esfuerzo colectivo del Colectivo de Geograf\u00eda Cr\u00edtica junto a la Red Clamor, FES ILDIS y GIZ, y que genera una actualizaci\u00f3n de las cartillas migratorios que realiz\u00f3 el FES en la d\u00e9cada de los 90.<\/p>\n\n\n\n<p>Pretendemos que este material sirva para resituar la cuesti\u00f3n de la movilidad y la migraci\u00f3n en Ecuador, y que sea una fuente de informaci\u00f3n y visualizaci\u00f3n de las situaciones que viven diferentes poblaciones, para lograr sociedades m\u00e1s justas, donde migrar sea un derecho: por la justicia migrante.<\/p>\n","protected":false},"excerpt":{"rendered":"<p>Este repositorio responde a la necesidad de comunicar el contenido de las Cartillas Migratorios 2021,<\/p>\n","protected":false},"author":2,"featured_media":0,"comment_status":"open","ping_status":"open","sticky":false,"template":"","format":"standard","meta":{"nf_dc_page":"","footnotes":""},"categories":[2],"tags":[],"class_list":["post-18","post","type-post","status-publish","format-standard","hentry","category-novedades"],"_links":{"self":[{"href":"https:\/\/geografiacriticaecuador.org\/justiciamigrante\/wp-json\/wp\/v2\/posts\/18","targetHints":{"allow":["GET"]}}],"collection":[{"href":"https:\/\/geografiacriticaecuador.org\/justiciamigrante\/wp-json\/wp\/v2\/posts"}],"about":[{"href":"https:\/\/geografiacriticaecuador.org\/justiciamigrante\/wp-json\/wp\/v2\/types\/post"}],"author":[{"embeddable":true,"href":"https:\/\/geografiacriticaecuador.org\/justiciamigrante\/wp-json\/wp\/v2\/users\/2"}],"replies":[{"embeddable":true,"href":"https:\/\/geografiacriticaecuador.org\/justiciamigrante\/wp-json\/wp\/v2\/comments?post=18"}],"version-history":[{"count":2,"href":"https:\/\/geografiacriticaecuador.org\/justiciamigrante\/wp-json\/wp\/v2\/posts\/18\/revisions"}],"predecessor-version":[{"id":236,"href":"https:\/\/geografiacriticaecuador.org\/justiciamigrante\/wp-json\/wp\/v2\/posts\/18\/revisions\/236"}],"wp:attachment":[{"href":"https:\/\/geografiacriticaecuador.org\/justiciamigrante\/wp-json\/wp\/v2\/media?parent=18"}],"wp:term":[{"taxonomy":"category","embeddable":true,"href":"https:\/\/geografiacriticaecuador.org\/justiciamigrante\/wp-json\/wp\/v2\/categories?post=18"},{"taxonomy":"post_tag","embeddable":true,"href":"https:\/\/geografiacriticaecuador.org\/justiciamigrante\/wp-json\/wp\/v2\/tags?post=18"}],"curies":[{"name":"wp","href":"https:\/\/api.w.org\/{rel}","templated":true}]}}