{"id":333,"date":"2021-05-10T19:37:25","date_gmt":"2021-05-10T19:37:25","guid":{"rendered":"https:\/\/geografiacriticaecuador.org\/justiciamigrante\/?p=333"},"modified":"2021-07-16T16:03:51","modified_gmt":"2021-07-16T16:03:51","slug":"intervenciones-radiales","status":"publish","type":"post","link":"https:\/\/geografiacriticaecuador.org\/justiciamigrante\/2021\/05\/10\/intervenciones-radiales\/","title":{"rendered":"Intervenciones radiales en mayo"},"content":{"rendered":"\n<p>Entrevista a Luc\u00eda P\u00e9rez en Ecuantena el 11 de mayo (desde 1 hora y 4 minutos): <a rel=\"noreferrer noopener\" href=\"https:\/\/www.facebook.com\/ecuantena\/videos\/295730845482991\/\" target=\"_blank\">https:\/\/www.facebook.com\/ecuantena\/videos\/295730845482991\/ <\/a><\/p>\n\n\n\n<p>Entrevista a Soledad \u00c1lvarez del Colectivo en Radio Morena el 11 de mayo (desde 1 hora y 8 minutos hasta 1 hora y 22 minutos): <\/p>\n\n\n\n<iframe loading=\"lazy\" src=\"https:\/\/www.facebook.com\/plugins\/video.php?height=314&#038;href=https%3A%2F%2Fwww.facebook.com%2Fradiomorena640%2Fvideos%2F288669616228152%2F&#038;show_text=false&#038;width=560&#038;t=0\" width=\"560\" height=\"314\" style=\"border:none;overflow:hidden\" scrolling=\"no\" frameborder=\"0\" allowfullscreen=\"true\" allow=\"autoplay; clipboard-write; encrypted-media; picture-in-picture; web-share\" allowFullScreen=\"true\"><\/iframe>\n\n\n\n<p>Entrevista a Luc\u00eda P\u00e9rez en Vanguardista Online el 11 de mayo:<\/p>\n\n\n\n<figure class=\"wp-block-embed is-type-video is-provider-youtube wp-block-embed-youtube wp-embed-aspect-16-9 wp-has-aspect-ratio\"><div class=\"wp-block-embed__wrapper\">\n<iframe loading=\"lazy\" title=\"Luc\u00eda P\u00e9rez de &quot;Geograf\u00eda Cr\u00edtica  y la Red Clamor, FES-ILDIS y GIZ&quot; detalla trabajo por migrantes\" width=\"640\" height=\"360\" src=\"https:\/\/www.youtube.com\/embed\/o9f5QLLQsJY?feature=oembed\" frameborder=\"0\" allow=\"accelerometer; autoplay; clipboard-write; encrypted-media; gyroscope; picture-in-picture; web-share\" referrerpolicy=\"strict-origin-when-cross-origin\" allowfullscreen><\/iframe>\n<\/div><\/figure>\n\n\n\n<p>Entrevista a Manuel Bay\u00f3n el 12 de mayo en Ecos de Rumi\u00f1ahui: <\/p>\n\n\n\n<iframe loading=\"lazy\" src=\"https:\/\/www.facebook.com\/plugins\/video.php?height=314&#038;href=https%3A%2F%2Fwww.facebook.com%2Fecosderuminahui%2Fvideos%2F468455374231620%2F&#038;show_text=false&#038;width=560&#038;t=0\" width=\"560\" height=\"314\" style=\"border:none;overflow:hidden\" scrolling=\"no\" frameborder=\"0\" allowfullscreen=\"true\" allow=\"autoplay; clipboard-write; encrypted-media; picture-in-picture; web-share\" allowFullScreen=\"true\"><\/iframe>\n\n\n\n<p>Participaci\u00f3n de Luc\u00eda P\u00e9rez en el Noticiero del 12 de mayo de Canal 1:<\/p>\n\n\n\n<figure class=\"wp-block-video\"><video controls src=\"https:\/\/geografiacriticaecuador.org\/justiciamigrante\/wp-content\/uploads\/2021\/05\/Canal1.mp4\"><\/video><\/figure>\n\n\n\n<p>Entrevista a Soledad \u00c1lvarez en Diario el 14 de mayo en El Norte:<\/p>\n\n\n\n<iframe loading=\"lazy\" src=\"https:\/\/www.facebook.com\/plugins\/video.php?height=314&#038;href=https%3A%2F%2Fwww.facebook.com%2Felnorte.ec%2Fvideos%2F2928327334052639%2F&#038;show_text=false&#038;width=560&#038;t=0\" width=\"560\" height=\"314\" style=\"border:none;overflow:hidden\" scrolling=\"no\" frameborder=\"0\" allowfullscreen=\"true\" allow=\"autoplay; clipboard-write; encrypted-media; picture-in-picture; web-share\" allowFullScreen=\"true\"><\/iframe>\n\n\n\n<p>Entrevista a Soledad \u00c1lvarez el 18 de mayo en Periodismo P\u00fablico Ecuador (desde el minuto 45 hasta 1 hora y 8 minutos): <a rel=\"noreferrer noopener\" href=\"https:\/\/www.facebook.com\/watch\/live\/?v=5395356333871845\" target=\"_blank\">https:\/\/www.facebook.com\/watch\/live\/?v=5395356333871845<\/a><\/p>\n\n\n\n<p>Entrevista a Mar\u00eda Alex Garc\u00eda el 20 de mayo en La Lupa: <a rel=\"noreferrer noopener\" href=\"https:\/\/www.facebook.com\/watch\/live\/?v=779844339388106\" target=\"_blank\">https:\/\/www.facebook.com\/watch\/live\/?v=779844339388106<\/a><\/p>\n\n\n\n<p>Entrevista a Luc\u00eda P\u00e9rez el 20 de mayo en Radio Exa Ibarra: <\/p>\n\n\n\n<iframe loading=\"lazy\" src=\"https:\/\/www.facebook.com\/plugins\/video.php?height=314&#038;href=https%3A%2F%2Fwww.facebook.com%2FExaIbarra%2Fvideos%2F3772532106203547%2F&#038;show_text=false&#038;width=560&#038;t=0\" width=\"560\" height=\"314\" style=\"border:none;overflow:hidden\" scrolling=\"no\" frameborder=\"0\" allowfullscreen=\"true\" allow=\"autoplay; clipboard-write; encrypted-media; picture-in-picture; web-share\" allowFullScreen=\"true\"><\/iframe>\n\n\n\n<p>Entrevista a Manuel Bay\u00f3n el 25 de mayo en Radio Santiago de Guayaquil: <a rel=\"noreferrer noopener\" href=\"https:\/\/www.facebook.com\/watch\/live\/?v=943072153142960\" target=\"_blank\">https:\/\/www.facebook.com\/watch\/live\/?v=943072153142960<\/a><\/p>\n\n\n\n<p>Entrevista a Luc\u00eda P\u00e9rez el 27 de mayo en Radio Los Lagos de Imbabura y Carchi: <a href=\"https:\/\/m.facebook.com\/story.php?story_fbid=933763237410502&amp;id=193399467394402\" target=\"_blank\" rel=\"noreferrer noopener\">https:\/\/m.facebook.com\/story.php?story_fbid=933763237410502&amp;id=193399467394402<\/a><\/p>\n\n\n\n<p>Entrevista a Luc\u00eda P\u00e9rez el 27 de mayo en Radio Las Am\u00e9ricas de Ibarra (desde 2 horas y 22 minutos): <a rel=\"noreferrer noopener\" href=\"https:\/\/www.facebook.com\/watch\/live\/?v=799118104332269\" target=\"_blank\">https:\/\/www.facebook.com\/watch\/live\/?v=799118104332269<\/a><\/p>\n\n\n\n<p>Entrevista a Soledad \u00c1lvarez el 31 de mayo en Centro FM con Andr\u00e9s L\u00f3pez: <a rel=\"noreferrer noopener\" href=\"https:\/\/www.facebook.com\/CentroEcuador\/videos\/196182205717974\" target=\"_blank\">https:\/\/www.facebook.com\/CentroEcuador\/videos\/196182205717974<\/a><\/p>\n\n\n\n<p>Entrevista a Luc\u00eda P\u00e9rez el 31 de mayo en Telerama:<\/p>\n\n\n\n<figure class=\"wp-block-embed is-type-video is-provider-youtube wp-block-embed-youtube wp-embed-aspect-4-3 wp-has-aspect-ratio\"><div class=\"wp-block-embed__wrapper\">\n<iframe loading=\"lazy\" title=\"Luc\u00eda P\u00e9rez\" width=\"640\" height=\"480\" src=\"https:\/\/www.youtube.com\/embed\/1y6pWdmQWn8?feature=oembed\" frameborder=\"0\" allow=\"accelerometer; autoplay; clipboard-write; encrypted-media; gyroscope; picture-in-picture; web-share\" referrerpolicy=\"strict-origin-when-cross-origin\" allowfullscreen><\/iframe>\n<\/div><\/figure>\n\n\n\n<p>Entrevista a Manuel Bay\u00f3n el 31 de mayo en Radio Cat\u00f3lica<\/p>\n\n\n\n<figure class=\"wp-block-embed is-type-video is-provider-youtube wp-block-embed-youtube wp-embed-aspect-16-9 wp-has-aspect-ratio\"><div class=\"wp-block-embed__wrapper\">\nhttps:\/\/www.youtube.com\/watch?v=mmTpK2B4jSw\n<\/div><\/figure>\n\n\n\n<p>Entrevista a Soledad \u00c1lvarez en Prensa.ec el 11 de junio de 2021: <a rel=\"noreferrer noopener\" href=\"https:\/\/www.facebook.com\/prensa.ec\/videos\/526674475126501\" target=\"_blank\">https:\/\/www.facebook.com\/prensa.ec\/videos\/526674475126501<\/a><\/p>\n","protected":false},"excerpt":{"rendered":"<p>Entrevista a Luc\u00eda P\u00e9rez en Ecuantena el 11 de mayo (desde 1 hora y 4<\/p>\n","protected":false},"author":2,"featured_media":348,"comment_status":"open","ping_status":"open","sticky":false,"template":"","format":"standard","meta":{"nf_dc_page":"","footnotes":""},"categories":[3],"tags":[],"class_list":["post-333","post","type-post","status-publish","format-standard","has-post-thumbnail","hentry","category-medios"],"_links":{"self":[{"href":"https:\/\/geografiacriticaecuador.org\/justiciamigrante\/wp-json\/wp\/v2\/posts\/333","targetHints":{"allow":["GET"]}}],"collection":[{"href":"https:\/\/geografiacriticaecuador.org\/justiciamigrante\/wp-json\/wp\/v2\/posts"}],"about":[{"href":"https:\/\/geografiacriticaecuador.org\/justiciamigrante\/wp-json\/wp\/v2\/types\/post"}],"author":[{"embeddable":true,"href":"https:\/\/geografiacriticaecuador.org\/justiciamigrante\/wp-json\/wp\/v2\/users\/2"}],"replies":[{"embeddable":true,"href":"https:\/\/geografiacriticaecuador.org\/justiciamigrante\/wp-json\/wp\/v2\/comments?post=333"}],"version-history":[{"count":17,"href":"https:\/\/geografiacriticaecuador.org\/justiciamigrante\/wp-json\/wp\/v2\/posts\/333\/revisions"}],"predecessor-version":[{"id":396,"href":"https:\/\/geografiacriticaecuador.org\/justiciamigrante\/wp-json\/wp\/v2\/posts\/333\/revisions\/396"}],"wp:featuredmedia":[{"embeddable":true,"href":"https:\/\/geografiacriticaecuador.org\/justiciamigrante\/wp-json\/wp\/v2\/media\/348"}],"wp:attachment":[{"href":"https:\/\/geografiacriticaecuador.org\/justiciamigrante\/wp-json\/wp\/v2\/media?parent=333"}],"wp:term":[{"taxonomy":"category","embeddable":true,"href":"https:\/\/geografiacriticaecuador.org\/justiciamigrante\/wp-json\/wp\/v2\/categories?post=333"},{"taxonomy":"post_tag","embeddable":true,"href":"https:\/\/geografiacriticaecuador.org\/justiciamigrante\/wp-json\/wp\/v2\/tags?post=333"}],"curies":[{"name":"wp","href":"https:\/\/api.w.org\/{rel}","templated":true}]}}