{"id":368,"date":"2021-06-10T06:59:00","date_gmt":"2021-06-10T06:59:00","guid":{"rendered":"https:\/\/geografiacriticaecuador.org\/justiciamigrante\/?p=368"},"modified":"2021-06-16T07:17:25","modified_gmt":"2021-06-16T07:17:25","slug":"la-situacion-de-la-diaspora-en-elcomercio","status":"publish","type":"post","link":"https:\/\/geografiacriticaecuador.org\/justiciamigrante\/2021\/06\/10\/la-situacion-de-la-diaspora-en-elcomercio\/","title":{"rendered":"La situaci\u00f3n de la di\u00e1spora en ElComercio"},"content":{"rendered":"\n<p>El equipo del Colectivo de Geograf\u00eda Cr\u00edtica ha participado en entrevistas en El Comercio para dar a conocer las conclusiones de la cartilla sobre la Di\u00e1spora ecuatoriana al presente. Entrevistas disponibles en los siguientes links:<\/p>\n\n\n\n<p>6 de junio de 2021 &#8211; Manuel Bay\u00f3n Jim\u00e9nez: \u2018Las remesas han ayudado a enfrentar la actual crisis\u2019  <a href=\"https:\/\/www.elcomercio.com\/actualidad\/remesas-migrantes-migracion-economia-crisis.html\" target=\"_blank\" rel=\"noreferrer noopener\">https:\/\/www.elcomercio.com\/actualidad\/remesas-migrantes-migracion-economia-crisis.html<\/a><\/p>\n\n\n\n<p>8 de junio de 2021 &#8211; Luc\u00eda P\u00e9rez Mart\u00ednez: La pandemia activ\u00f3 con fuerza la migraci\u00f3n de los ecuatorianos <a href=\"https:\/\/www.elcomercio.com\/actualidad\/seguridad\/lucia-perez-pandemia-migracion-ecuatorianos.html\" target=\"_blank\" rel=\"noreferrer noopener\">https:\/\/www.elcomercio.com\/actualidad\/seguridad\/lucia-perez-pandemia-migracion-ecuatorianos.html<\/a><\/p>\n","protected":false},"excerpt":{"rendered":"<p>El equipo del Colectivo de Geograf\u00eda Cr\u00edtica ha participado en entrevistas en El Comercio para<\/p>\n","protected":false},"author":2,"featured_media":369,"comment_status":"open","ping_status":"open","sticky":false,"template":"","format":"standard","meta":{"nf_dc_page":"","footnotes":""},"categories":[3],"tags":[],"class_list":["post-368","post","type-post","status-publish","format-standard","has-post-thumbnail","hentry","category-medios"],"_links":{"self":[{"href":"https:\/\/geografiacriticaecuador.org\/justiciamigrante\/wp-json\/wp\/v2\/posts\/368","targetHints":{"allow":["GET"]}}],"collection":[{"href":"https:\/\/geografiacriticaecuador.org\/justiciamigrante\/wp-json\/wp\/v2\/posts"}],"about":[{"href":"https:\/\/geografiacriticaecuador.org\/justiciamigrante\/wp-json\/wp\/v2\/types\/post"}],"author":[{"embeddable":true,"href":"https:\/\/geografiacriticaecuador.org\/justiciamigrante\/wp-json\/wp\/v2\/users\/2"}],"replies":[{"embeddable":true,"href":"https:\/\/geografiacriticaecuador.org\/justiciamigrante\/wp-json\/wp\/v2\/comments?post=368"}],"version-history":[{"count":1,"href":"https:\/\/geografiacriticaecuador.org\/justiciamigrante\/wp-json\/wp\/v2\/posts\/368\/revisions"}],"predecessor-version":[{"id":370,"href":"https:\/\/geografiacriticaecuador.org\/justiciamigrante\/wp-json\/wp\/v2\/posts\/368\/revisions\/370"}],"wp:featuredmedia":[{"embeddable":true,"href":"https:\/\/geografiacriticaecuador.org\/justiciamigrante\/wp-json\/wp\/v2\/media\/369"}],"wp:attachment":[{"href":"https:\/\/geografiacriticaecuador.org\/justiciamigrante\/wp-json\/wp\/v2\/media?parent=368"}],"wp:term":[{"taxonomy":"category","embeddable":true,"href":"https:\/\/geografiacriticaecuador.org\/justiciamigrante\/wp-json\/wp\/v2\/categories?post=368"},{"taxonomy":"post_tag","embeddable":true,"href":"https:\/\/geografiacriticaecuador.org\/justiciamigrante\/wp-json\/wp\/v2\/tags?post=368"}],"curies":[{"name":"wp","href":"https:\/\/api.w.org\/{rel}","templated":true}]}}