{"id":380,"date":"2021-06-02T14:58:00","date_gmt":"2021-06-02T14:58:00","guid":{"rendered":"https:\/\/geografiacriticaecuador.org\/justiciamigrante\/?p=380"},"modified":"2021-07-16T15:58:32","modified_gmt":"2021-07-16T15:58:32","slug":"reportajes-en-primicias","status":"publish","type":"post","link":"https:\/\/geografiacriticaecuador.org\/justiciamigrante\/2021\/06\/02\/reportajes-en-primicias\/","title":{"rendered":"Reportajes en primicias"},"content":{"rendered":"\n<p>El portal Primicias recogi\u00f3 en 2 reportajes la actualidad de la migraci\u00f3n ecuatoriana en el exterior, a trav\u00e9s de un di\u00e1logo con las cartillas migratorias.<\/p>\n\n\n\n<ul class=\"wp-block-list\"><li>80.000 ni\u00f1os migrantes han sido detenidos en la frontera con EE.UU: <a rel=\"noreferrer noopener\" href=\"https:\/\/www.primicias.ec\/noticias\/sociedad\/ninos-migrantes-detenidos-estados-unidos-frontera\/\" target=\"_blank\">https:\/\/www.primicias.ec\/noticias\/sociedad\/ninos-migrantes-detenidos-estados-unidos-frontera\/<\/a><\/li><li>Venezolanos a\u00fan enfrentan dificultades para regularizar su estatus migratorio: <a href=\"https:\/\/www.primicias.ec\/noticias\/sociedad\/venezolanos-ecuador-regularizar-trabas-estatus\/\" target=\"_blank\" rel=\"noreferrer noopener\">https:\/\/www.primicias.ec\/noticias\/sociedad\/venezolanos-ecuador-regularizar-trabas-estatus\/<\/a><\/li><\/ul>\n","protected":false},"excerpt":{"rendered":"<p>El portal Primicias recogi\u00f3 en 2 reportajes la actualidad de la migraci\u00f3n ecuatoriana en el<\/p>\n","protected":false},"author":1,"featured_media":381,"comment_status":"open","ping_status":"open","sticky":false,"template":"","format":"standard","meta":{"nf_dc_page":"","footnotes":""},"categories":[3],"tags":[],"class_list":["post-380","post","type-post","status-publish","format-standard","has-post-thumbnail","hentry","category-medios"],"_links":{"self":[{"href":"https:\/\/geografiacriticaecuador.org\/justiciamigrante\/wp-json\/wp\/v2\/posts\/380","targetHints":{"allow":["GET"]}}],"collection":[{"href":"https:\/\/geografiacriticaecuador.org\/justiciamigrante\/wp-json\/wp\/v2\/posts"}],"about":[{"href":"https:\/\/geografiacriticaecuador.org\/justiciamigrante\/wp-json\/wp\/v2\/types\/post"}],"author":[{"embeddable":true,"href":"https:\/\/geografiacriticaecuador.org\/justiciamigrante\/wp-json\/wp\/v2\/users\/1"}],"replies":[{"embeddable":true,"href":"https:\/\/geografiacriticaecuador.org\/justiciamigrante\/wp-json\/wp\/v2\/comments?post=380"}],"version-history":[{"count":1,"href":"https:\/\/geografiacriticaecuador.org\/justiciamigrante\/wp-json\/wp\/v2\/posts\/380\/revisions"}],"predecessor-version":[{"id":382,"href":"https:\/\/geografiacriticaecuador.org\/justiciamigrante\/wp-json\/wp\/v2\/posts\/380\/revisions\/382"}],"wp:featuredmedia":[{"embeddable":true,"href":"https:\/\/geografiacriticaecuador.org\/justiciamigrante\/wp-json\/wp\/v2\/media\/381"}],"wp:attachment":[{"href":"https:\/\/geografiacriticaecuador.org\/justiciamigrante\/wp-json\/wp\/v2\/media?parent=380"}],"wp:term":[{"taxonomy":"category","embeddable":true,"href":"https:\/\/geografiacriticaecuador.org\/justiciamigrante\/wp-json\/wp\/v2\/categories?post=380"},{"taxonomy":"post_tag","embeddable":true,"href":"https:\/\/geografiacriticaecuador.org\/justiciamigrante\/wp-json\/wp\/v2\/tags?post=380"}],"curies":[{"name":"wp","href":"https:\/\/api.w.org\/{rel}","templated":true}]}}