{"id":383,"date":"2021-06-21T15:16:00","date_gmt":"2021-06-21T15:16:00","guid":{"rendered":"https:\/\/geografiacriticaecuador.org\/justiciamigrante\/?p=383"},"modified":"2021-07-16T15:59:00","modified_gmt":"2021-07-16T15:59:00","slug":"cartillas-migratorias-en-teletipo-de-efe","status":"publish","type":"post","link":"https:\/\/geografiacriticaecuador.org\/justiciamigrante\/2021\/06\/21\/cartillas-migratorias-en-teletipo-de-efe\/","title":{"rendered":"Cartillas migratorias en teletipo de EFE"},"content":{"rendered":"\n<p>Luc\u00eda P\u00e9rez particip\u00f3 en entrevista con Agencia EFE que fue remitida a medios de comunicaci\u00f3n de Am\u00e9rica y Espa\u00f1a sobre el cambio de patr\u00f3n migratorio en Ecuador: &#8220;Estudio revela vuelco migratorio de Ecuador&#8221;.<\/p>\n\n\n\n<p><a href=\"https:\/\/www.eldiario.es\/desalambre\/estudio-revela-vuelco-migratorio-ecuador-precarizacion-acogida_1_8057657.html\">https:\/\/www.eldiario.es\/desalambre\/estudio-revela-vuelco-migratorio-ecuador-precarizacion-acogida_1_8057657.html<\/a><\/p>\n","protected":false},"excerpt":{"rendered":"<p>Luc\u00eda P\u00e9rez particip\u00f3 en entrevista con Agencia EFE que fue remitida a medios de comunicaci\u00f3n<\/p>\n","protected":false},"author":1,"featured_media":384,"comment_status":"open","ping_status":"open","sticky":false,"template":"","format":"standard","meta":{"nf_dc_page":"","footnotes":""},"categories":[3],"tags":[],"class_list":["post-383","post","type-post","status-publish","format-standard","has-post-thumbnail","hentry","category-medios"],"_links":{"self":[{"href":"https:\/\/geografiacriticaecuador.org\/justiciamigrante\/wp-json\/wp\/v2\/posts\/383","targetHints":{"allow":["GET"]}}],"collection":[{"href":"https:\/\/geografiacriticaecuador.org\/justiciamigrante\/wp-json\/wp\/v2\/posts"}],"about":[{"href":"https:\/\/geografiacriticaecuador.org\/justiciamigrante\/wp-json\/wp\/v2\/types\/post"}],"author":[{"embeddable":true,"href":"https:\/\/geografiacriticaecuador.org\/justiciamigrante\/wp-json\/wp\/v2\/users\/1"}],"replies":[{"embeddable":true,"href":"https:\/\/geografiacriticaecuador.org\/justiciamigrante\/wp-json\/wp\/v2\/comments?post=383"}],"version-history":[{"count":1,"href":"https:\/\/geografiacriticaecuador.org\/justiciamigrante\/wp-json\/wp\/v2\/posts\/383\/revisions"}],"predecessor-version":[{"id":385,"href":"https:\/\/geografiacriticaecuador.org\/justiciamigrante\/wp-json\/wp\/v2\/posts\/383\/revisions\/385"}],"wp:featuredmedia":[{"embeddable":true,"href":"https:\/\/geografiacriticaecuador.org\/justiciamigrante\/wp-json\/wp\/v2\/media\/384"}],"wp:attachment":[{"href":"https:\/\/geografiacriticaecuador.org\/justiciamigrante\/wp-json\/wp\/v2\/media?parent=383"}],"wp:term":[{"taxonomy":"category","embeddable":true,"href":"https:\/\/geografiacriticaecuador.org\/justiciamigrante\/wp-json\/wp\/v2\/categories?post=383"},{"taxonomy":"post_tag","embeddable":true,"href":"https:\/\/geografiacriticaecuador.org\/justiciamigrante\/wp-json\/wp\/v2\/tags?post=383"}],"curies":[{"name":"wp","href":"https:\/\/api.w.org\/{rel}","templated":true}]}}