{"id":409,"date":"2021-12-16T17:43:00","date_gmt":"2021-12-16T17:43:00","guid":{"rendered":"https:\/\/geografiacriticaecuador.org\/justiciamigrante\/?p=409"},"modified":"2022-01-08T18:00:09","modified_gmt":"2022-01-08T18:00:09","slug":"participacion-en-podcast-trajinantes","status":"publish","type":"post","link":"https:\/\/geografiacriticaecuador.org\/justiciamigrante\/2021\/12\/16\/participacion-en-podcast-trajinantes\/","title":{"rendered":"Participaci\u00f3n en Podcast Trajinantes"},"content":{"rendered":"\n<p>Desde el colectivo participamos en el Podcast Trajinantes, del Observatorio Venezolano de Econom\u00edas Populares, que ofrece este espacio para el an\u00e1lisis y comparticiones sobre movilidades. El primer cap\u00edtulo est\u00e1 dividido en 2 partes:<\/p>\n\n\n\n<iframe loading=\"lazy\" src=\"https:\/\/anchor.fm\/ovep-argos-trajinantes\/embed\/episodes\/Trajinantes---Episodio-1-Tras-el-camino-migrante-Una-apuesta-por-el-comn---Primera-Parte-e1b657n\/a-a715ncq\" height=\"102px\" width=\"400px\" frameborder=\"0\" scrolling=\"no\"><\/iframe>\n\n\n\n<iframe loading=\"lazy\" src=\"https:\/\/anchor.fm\/ovep-argos-trajinantes\/embed\/episodes\/Trajinantes---Episodio-1-Tras-el-camino-migrante-Una-apuesta-por-el-comn---Segunda-Parte-e1b66tp\/a-a7161ob\" height=\"102px\" width=\"400px\" frameborder=\"0\" scrolling=\"no\"><\/iframe>\n\n\n\n<p>Link al canal de podcast: <a href=\"https:\/\/anchor.fm\/ovep-argos-trajinantes\/episodes\/Trajinantes---Episodio-1-Tras-el-camino-migrante-Una-apuesta-por-el-comn---Primera-Parte-e1b657n\" target=\"_blank\" rel=\"noreferrer noopener\">https:\/\/anchor.fm\/ovep-argos-trajinantes\/episodes\/Trajinantes&#8212;Episodio-1-Tras-el-camino-migrante-Una-apuesta-por-el-comn&#8212;Primera-Parte-e1b657n<\/a><\/p>\n","protected":false},"excerpt":{"rendered":"<p>Desde el colectivo participamos en el Podcast Trajinantes, del Observatorio Venezolano de Econom\u00edas Populares, que<\/p>\n","protected":false},"author":1,"featured_media":410,"comment_status":"open","ping_status":"open","sticky":false,"template":"","format":"standard","meta":{"nf_dc_page":"","footnotes":""},"categories":[3],"tags":[],"class_list":["post-409","post","type-post","status-publish","format-standard","has-post-thumbnail","hentry","category-medios"],"_links":{"self":[{"href":"https:\/\/geografiacriticaecuador.org\/justiciamigrante\/wp-json\/wp\/v2\/posts\/409","targetHints":{"allow":["GET"]}}],"collection":[{"href":"https:\/\/geografiacriticaecuador.org\/justiciamigrante\/wp-json\/wp\/v2\/posts"}],"about":[{"href":"https:\/\/geografiacriticaecuador.org\/justiciamigrante\/wp-json\/wp\/v2\/types\/post"}],"author":[{"embeddable":true,"href":"https:\/\/geografiacriticaecuador.org\/justiciamigrante\/wp-json\/wp\/v2\/users\/1"}],"replies":[{"embeddable":true,"href":"https:\/\/geografiacriticaecuador.org\/justiciamigrante\/wp-json\/wp\/v2\/comments?post=409"}],"version-history":[{"count":3,"href":"https:\/\/geografiacriticaecuador.org\/justiciamigrante\/wp-json\/wp\/v2\/posts\/409\/revisions"}],"predecessor-version":[{"id":414,"href":"https:\/\/geografiacriticaecuador.org\/justiciamigrante\/wp-json\/wp\/v2\/posts\/409\/revisions\/414"}],"wp:featuredmedia":[{"embeddable":true,"href":"https:\/\/geografiacriticaecuador.org\/justiciamigrante\/wp-json\/wp\/v2\/media\/410"}],"wp:attachment":[{"href":"https:\/\/geografiacriticaecuador.org\/justiciamigrante\/wp-json\/wp\/v2\/media?parent=409"}],"wp:term":[{"taxonomy":"category","embeddable":true,"href":"https:\/\/geografiacriticaecuador.org\/justiciamigrante\/wp-json\/wp\/v2\/categories?post=409"},{"taxonomy":"post_tag","embeddable":true,"href":"https:\/\/geografiacriticaecuador.org\/justiciamigrante\/wp-json\/wp\/v2\/tags?post=409"}],"curies":[{"name":"wp","href":"https:\/\/api.w.org\/{rel}","templated":true}]}}