{"id":416,"date":"2022-01-02T20:14:12","date_gmt":"2022-01-02T20:14:12","guid":{"rendered":"https:\/\/geografiacriticaecuador.org\/justiciamigrante\/?p=416"},"modified":"2022-02-02T20:33:10","modified_gmt":"2022-02-02T20:33:10","slug":"entrevista-a-monica-aviles","status":"publish","type":"post","link":"https:\/\/geografiacriticaecuador.org\/justiciamigrante\/2022\/01\/02\/entrevista-a-monica-aviles\/","title":{"rendered":"Entrevista a M\u00f3nica Avil\u00e9s"},"content":{"rendered":"\n<p>M\u00f3nica Avil\u00e9s es una persona clave en la organizaci\u00f3n de las familias ecuatorianas en EEUU. En el siguiente video nos muestra su visi\u00f3n sobre el proceso migratorio tras el feriado bancario, y su an\u00e1lisis sobre la din\u00e1mica actual de movilidad y relaci\u00f3n con el Estado ecuatoriano. M\u00f3nica fue clave en la cartilla sobre la di\u00e1spora ecuatoriana. Les dejamos este video realizado por el documentalista Manolo Sarmiento para el colectivo, con el apoyo de FES-ILDIS:<\/p>\n\n\n\n<figure class=\"wp-block-embed is-type-video is-provider-youtube wp-block-embed-youtube wp-embed-aspect-16-9 wp-has-aspect-ratio\"><div class=\"wp-block-embed__wrapper\">\n<iframe loading=\"lazy\" title=\"Entrevista a M\u00f3nica Avil\u00e9s, lideresa de la comunidad ecuatoriana en EEUU\" width=\"640\" height=\"360\" src=\"https:\/\/www.youtube.com\/embed\/60zrnnnJMhs?feature=oembed\" frameborder=\"0\" allow=\"accelerometer; autoplay; clipboard-write; encrypted-media; gyroscope; picture-in-picture; web-share\" referrerpolicy=\"strict-origin-when-cross-origin\" allowfullscreen><\/iframe>\n<\/div><\/figure>\n","protected":false},"excerpt":{"rendered":"<p>M\u00f3nica Avil\u00e9s es una persona clave en la organizaci\u00f3n de las familias ecuatorianas en EEUU.<\/p>\n","protected":false},"author":1,"featured_media":419,"comment_status":"open","ping_status":"open","sticky":false,"template":"","format":"standard","meta":{"nf_dc_page":"","footnotes":""},"categories":[2],"tags":[],"class_list":["post-416","post","type-post","status-publish","format-standard","has-post-thumbnail","hentry","category-novedades"],"_links":{"self":[{"href":"https:\/\/geografiacriticaecuador.org\/justiciamigrante\/wp-json\/wp\/v2\/posts\/416","targetHints":{"allow":["GET"]}}],"collection":[{"href":"https:\/\/geografiacriticaecuador.org\/justiciamigrante\/wp-json\/wp\/v2\/posts"}],"about":[{"href":"https:\/\/geografiacriticaecuador.org\/justiciamigrante\/wp-json\/wp\/v2\/types\/post"}],"author":[{"embeddable":true,"href":"https:\/\/geografiacriticaecuador.org\/justiciamigrante\/wp-json\/wp\/v2\/users\/1"}],"replies":[{"embeddable":true,"href":"https:\/\/geografiacriticaecuador.org\/justiciamigrante\/wp-json\/wp\/v2\/comments?post=416"}],"version-history":[{"count":2,"href":"https:\/\/geografiacriticaecuador.org\/justiciamigrante\/wp-json\/wp\/v2\/posts\/416\/revisions"}],"predecessor-version":[{"id":423,"href":"https:\/\/geografiacriticaecuador.org\/justiciamigrante\/wp-json\/wp\/v2\/posts\/416\/revisions\/423"}],"wp:featuredmedia":[{"embeddable":true,"href":"https:\/\/geografiacriticaecuador.org\/justiciamigrante\/wp-json\/wp\/v2\/media\/419"}],"wp:attachment":[{"href":"https:\/\/geografiacriticaecuador.org\/justiciamigrante\/wp-json\/wp\/v2\/media?parent=416"}],"wp:term":[{"taxonomy":"category","embeddable":true,"href":"https:\/\/geografiacriticaecuador.org\/justiciamigrante\/wp-json\/wp\/v2\/categories?post=416"},{"taxonomy":"post_tag","embeddable":true,"href":"https:\/\/geografiacriticaecuador.org\/justiciamigrante\/wp-json\/wp\/v2\/tags?post=416"}],"curies":[{"name":"wp","href":"https:\/\/api.w.org\/{rel}","templated":true}]}}