{"id":88,"date":"2021-04-03T17:36:00","date_gmt":"2021-04-03T17:36:00","guid":{"rendered":"https:\/\/geografiacriticaecuador.org\/justiciamigrante\/?p=88"},"modified":"2021-04-09T16:02:32","modified_gmt":"2021-04-09T16:02:32","slug":"entrevista-sobre-politica-de-biden-en-el-comercio","status":"publish","type":"post","link":"https:\/\/geografiacriticaecuador.org\/justiciamigrante\/2021\/04\/03\/entrevista-sobre-politica-de-biden-en-el-comercio\/","title":{"rendered":"Entrevista sobre la di\u00e1spora ecuatoriana en el marco de la pol\u00edtica de Biden, en El Comercio"},"content":{"rendered":"\n<p>Link de la noticia completa:&nbsp;<a href=\"https:\/\/www.elcomercio.com\/actualidad\/soledad-alvarez-migracion-biden-ecuatorianos.html\">https:\/\/www.elcomercio.com\/actualidad\/soledad-alvarez-migracion-biden-ecuatorianos.html<\/a><\/p>\n\n\n\n<p>Soledad \u00c1lvarez es PhD en Geograf\u00eda Humana, investigadora posdoctoral en la U. de Houston y miembro del Colectivo de Geograf\u00eda Cr\u00edtica del Ecuador. Por m\u00e1s de una d\u00e9cada ha investigado el \u201cnexo entre migraci\u00f3n irregularizada, tr\u00e1nsito migratorio, violencia y Estado capitalista en el corredor Ecuador-M\u00e9xico-EE.UU.\u201d. Ha indagado la relaci\u00f3n entre el tr\u00e1fico de migrantes, las pol\u00edticas antitr\u00e1fico y el control fronterizo en Am\u00e9rica Latina.<\/p>\n\n\n\n<p><em>La migraci\u00f3n irregular de los ecuatorianos no para. Ahora van a EE.UU. a trav\u00e9s de vuelos que conectan a Latacunga y Quito con M\u00e9xico. Desde ah\u00ed toman rutas clandestinas hacia su destino final. En medio de este fen\u00f3meno, el presidente estadounidense Joe Biden pidi\u00f3 a todos los migrantes que no vayan a ese pa\u00eds, que se queden en sus pueblos. \u00bfQu\u00e9 dice usted?<\/em><\/p>\n\n\n\n<p>\u200bLos datos oficiales nos dicen que desde el 2014 hay una tendencia al alza en la salida de ecuatorianos. Esto nos deber\u00eda alertar, porque el fen\u00f3meno no es de ahora, sino que la pandemia, al ser una crisis de tremenda envergadura, est\u00e1 exacerbando esa salida.<\/p>\n\n\n\n<p><em>Cu\u00e1nto influye en el aumento de estos viajes la salida de un presidente como Donald Trump, que estableci\u00f3 pol\u00edticas migratorias restrictivas, y la llegada de Joe Biden con una propuesta para reformar esas decisiones.<\/em><\/p>\n\n\n\n<p>Biden asegur\u00f3 que dar\u00e1 un giro a las pol\u00edticas severamente antimigrantes que Trump impuso en los \u00faltimos cuatro a\u00f1os. Pero dijo que no podr\u00e1 entrar toda la masa de migrantes que est\u00e1 llegando, porque tendr\u00e1n que atravesar el sistema migratorio a\u00fan vigente. Indic\u00f3 que podr\u00e1n ingresar quienes apliquen al asilo y reciban el reconocimiento de refugio. La tergiversaci\u00f3n que existe es porque Biden, efectivamente, ha prometido hacer una reforma migratoria que beneficie a unos 12 millones de migrantes que desde hace m\u00e1s de dos o tres d\u00e9cadas viven en Estados Unidos sin documentos.<\/p>\n\n\n\n<p><em>\u00bfEl anuncio no involucra a quienes lleguen ahora?<\/em><\/p>\n\n\n\n<p>No es apertura de puertas.<\/p>\n\n\n\n<p><em>\u00bfSe entendi\u00f3 mal el mensaje del presidente Biden?<\/em><\/p>\n\n\n\n<p>Claro. Es muy dif\u00edcil revertir las pol\u00edticas antimigrantes que Trump dej\u00f3 armadas. No es una transformaci\u00f3n que suceder\u00e1 de un d\u00eda para el otro. Hay que ser realistas: dif\u00edcilmente en EE.UU. habr\u00e1 una pol\u00edtica aperturista. Por lo tanto, hay una tergiversaci\u00f3n. Pero, ojo, esa tergiversaci\u00f3n hay que entenderla en el contexto de una necesidad humana inmensa de buscar un lugar digno donde vivir. Ahora, la reforma migratoria, de llegar a aprobarse, tardar\u00eda alrededor de ocho a\u00f1os en aplicarse. No es algo que ocurrir\u00e1 ma\u00f1ana.<\/p>\n\n\n\n<p><em>\u00bfC\u00f3mo est\u00e1 la situaci\u00f3n de los ecuatorianos en la frontera de EE.UU.?<\/em><\/p>\n\n\n\n<p>Acabo de hablar con una ecuatoriana que sali\u00f3 de Cuenca y cruz\u00f3 la frontera en dos meses. Su relato sobre la violencia que viven en el cruce entre M\u00e9xico y EE.UU. es muy fuerte, pues es una zona que est\u00e1 controlada por grupos del crimen organizado. Hay coyoterismo y una desprotecci\u00f3n estatal abierta.<\/p>\n\n\n\n<p><em>\u00bfDesprotecci\u00f3n abierta?<\/em><\/p>\n\n\n\n<p>Ni M\u00e9xico ni Ecuador ni EE.UU. brindan una protecci\u00f3n a los migrantes. Los cruces no han parado ni en la pandemia. Todo el recorrido, hasta llegar a los primeros poblados en Texas, supone esconderse en basureros, debajo de puentes; supone que se te llenen los pies de ampollas.<\/p>\n\n\n\n<p><em>Hoy incluso hay cinco ecuatorianos desaparecidos en alta mar, mientras iban por Bahamas.<\/em><\/p>\n\n\n\n<p>S\u00ed, desaparecidos y muertos en el camino. Una de las rutas inh\u00f3spitas es la que se ha abierto por Bahamas. La pregunta es \u00bfqu\u00e9 nos est\u00e1 diciendo ese movimiento tan valiente de la gente? \u00bfQu\u00e9 est\u00e1 pasando en Ecuador para que la gente, sin importar los riesgos, intente llegar una y otra vez a Estados Unidos?<\/p>\n\n\n\n<p><em>\u00bfQu\u00e9 est\u00e1 pasando?<\/em><\/p>\n\n\n\n<p>La ecuatoriana que migr\u00f3 de Cuenca es de una familia campesina de Nab\u00f3n. De ah\u00ed fue a Cuenca y trabaj\u00f3 en un negocio vendiendo comida. Al mes ganaba USD 160. Es imposible que con eso pueda mantener a una familia con tres hijos. Su esposo trabajaba como chofer de una l\u00ednea tur\u00edstica. Pero vino la pandemia, ella se qued\u00f3 desempleada y el esposo tambi\u00e9n. Me dice que en el lugar donde trabaj\u00f3 fueron despedidos 30 y solo se quedaron cinco. Por eso viaj\u00f3. Eso est\u00e1 pasando en Ecuador. No hay empleo.<\/p>\n\n\n\n<p><em>\u00bfLa migraci\u00f3n irregular se puede agudizar?<\/em><\/p>\n\n\n\n<p>Cuando ocurri\u00f3 el feriado bancario, la respuesta fue la gran migraci\u00f3n. Creo que ya estamos atravesando una ola migratoria. Seg\u00fan la Witness at the Border, una organizaci\u00f3n de EE.UU. que monitorea semanalmente los vuelos de deportaciones desde ese pa\u00eds, Ecuador figura siempre entre los pa\u00edses con deportados. En los meses m\u00e1s complejos de la pandemia, hasta agosto del 2020, 27 vuelos de deportaciones desde EE.UU. aterrizaron en Ecuador. Este es un dato indirecto, pero nos dice que frecuentemente est\u00e1 saliendo gente de nuestro pa\u00eds. Esto no es solamente cuesti\u00f3n de coyoteros.<\/p>\n\n\n\n<p><em>\u00bfEs un problema estatal?<\/em><\/p>\n\n\n\n<p>S\u00ed. El Estado no hace nada para proteger a la gente. \u00bfQu\u00e9 hace para evitar que la gente se vaya? \u00bfQu\u00e9 hace para reparar los derechos de los deportados? \u00bfQu\u00e9 hace para lidiar con los hijos de los migrantes que se quedaron en las zonas de origen? Nada. No hay programas para los deportados.<\/p>\n","protected":false},"excerpt":{"rendered":"<p>Link de la noticia completa:&nbsp;https:\/\/www.elcomercio.com\/actualidad\/soledad-alvarez-migracion-biden-ecuatorianos.html Soledad \u00c1lvarez es PhD en Geograf\u00eda Humana, investigadora posdoctoral en<\/p>\n","protected":false},"author":2,"featured_media":256,"comment_status":"open","ping_status":"open","sticky":false,"template":"","format":"standard","meta":{"nf_dc_page":"","footnotes":""},"categories":[3],"tags":[],"class_list":["post-88","post","type-post","status-publish","format-standard","has-post-thumbnail","hentry","category-medios"],"_links":{"self":[{"href":"https:\/\/geografiacriticaecuador.org\/justiciamigrante\/wp-json\/wp\/v2\/posts\/88","targetHints":{"allow":["GET"]}}],"collection":[{"href":"https:\/\/geografiacriticaecuador.org\/justiciamigrante\/wp-json\/wp\/v2\/posts"}],"about":[{"href":"https:\/\/geografiacriticaecuador.org\/justiciamigrante\/wp-json\/wp\/v2\/types\/post"}],"author":[{"embeddable":true,"href":"https:\/\/geografiacriticaecuador.org\/justiciamigrante\/wp-json\/wp\/v2\/users\/2"}],"replies":[{"embeddable":true,"href":"https:\/\/geografiacriticaecuador.org\/justiciamigrante\/wp-json\/wp\/v2\/comments?post=88"}],"version-history":[{"count":4,"href":"https:\/\/geografiacriticaecuador.org\/justiciamigrante\/wp-json\/wp\/v2\/posts\/88\/revisions"}],"predecessor-version":[{"id":257,"href":"https:\/\/geografiacriticaecuador.org\/justiciamigrante\/wp-json\/wp\/v2\/posts\/88\/revisions\/257"}],"wp:featuredmedia":[{"embeddable":true,"href":"https:\/\/geografiacriticaecuador.org\/justiciamigrante\/wp-json\/wp\/v2\/media\/256"}],"wp:attachment":[{"href":"https:\/\/geografiacriticaecuador.org\/justiciamigrante\/wp-json\/wp\/v2\/media?parent=88"}],"wp:term":[{"taxonomy":"category","embeddable":true,"href":"https:\/\/geografiacriticaecuador.org\/justiciamigrante\/wp-json\/wp\/v2\/categories?post=88"},{"taxonomy":"post_tag","embeddable":true,"href":"https:\/\/geografiacriticaecuador.org\/justiciamigrante\/wp-json\/wp\/v2\/tags?post=88"}],"curies":[{"name":"wp","href":"https:\/\/api.w.org\/{rel}","templated":true}]}}