{"id":165,"date":"2022-06-26T03:58:00","date_gmt":"2022-06-26T03:58:00","guid":{"rendered":"https:\/\/geografiacriticaecuador.org\/violenciaestadoec\/?p=165"},"modified":"2022-06-26T16:01:26","modified_gmt":"2022-06-26T16:01:26","slug":"intervencion-en-la-asamblea-nacional","status":"publish","type":"post","link":"https:\/\/geografiacriticaecuador.org\/violenciaestadoec\/2022\/06\/26\/intervencion-en-la-asamblea-nacional\/","title":{"rendered":"Intervenci\u00f3n en la Asamblea Nacional"},"content":{"rendered":"\n<p>El 25 de junio de 2022 esta coalici\u00f3n de instituciones particip\u00f3 en la Sesi\u00f3n 782 de la Asamblea Nacional del Ecuador. El link del video de la sesi\u00f3n desde la intervenci\u00f3n:\u00a0<a rel=\"noreferrer noopener\" href=\"https:\/\/youtu.be\/EBIcU4hTmr4?t=3912\" target=\"_blank\">https:\/\/youtu.be\/EBIcU4hTmr4?t=3912<\/a><\/p>\n\n\n\n<p>Presentaci\u00f3n realizada con los mapeos, infograf\u00edas y materiales realizados:<\/p>\n\n\n\n<div data-wp-interactive=\"core\/file\" class=\"wp-block-file\"><object data-wp-bind--hidden=\"!state.hasPdfPreview\" hidden class=\"wp-block-file__embed\" data=\"https:\/\/geografiacriticaecuador.org\/violenciaestadoec\/wp-content\/uploads\/2022\/06\/PresentacionAN.pdf\" type=\"application\/pdf\" style=\"width:100%;height:600px\" aria-label=\"Incrustado de Incrustado de Presentaci\u00f3n a la Asamblea Nacional..\"><\/object><a id=\"wp-block-file--media-9032b02c-da6b-4988-b916-2f7bebdfd245\" href=\"https:\/\/geografiacriticaecuador.org\/violenciaestadoec\/wp-content\/uploads\/2022\/06\/PresentacionAN.pdf\">Presentaci\u00f3n a la Asamblea Nacional<\/a><a href=\"https:\/\/geografiacriticaecuador.org\/violenciaestadoec\/wp-content\/uploads\/2022\/06\/PresentacionAN.pdf\" class=\"wp-block-file__button\" download aria-describedby=\"wp-block-file--media-9032b02c-da6b-4988-b916-2f7bebdfd245\">Descarga<\/a><\/div>\n\n\n\n<p>Intervenci\u00f3n de Kaleidos que no se pudo mostrar, pero que especifica algunos elementos imprescindibles:<\/p>\n\n\n\n<figure class=\"wp-block-video\"><video height=\"1080\" style=\"aspect-ratio: 1920 \/ 1080;\" width=\"1920\" controls src=\"https:\/\/geografiacriticaecuador.org\/violenciaestadoec\/wp-content\/uploads\/2022\/06\/VIDEO-USO-PROGRESIVO-DE-LA-FUERZA-KALEIDOS-JORGE-NUNEZ.mp4\"><\/video><\/figure>\n","protected":false},"excerpt":{"rendered":"<p>El 25 de junio de 2022 esta coalici\u00f3n de instituciones particip\u00f3 en la Sesi\u00f3n 782 de la Asamblea Nacional del Ecuador. El link del video de la sesi\u00f3n desde la intervenci\u00f3n:\u00a0https:\/\/youtu.be\/EBIcU4hTmr4?t=3912 Presentaci\u00f3n realizada con los mapeos, infograf\u00edas y materiales realizados: Intervenci\u00f3n de Kaleidos que no se pudo mostrar, pero que especifica algunos elementos imprescindibles:<\/p>\n","protected":false},"author":1,"featured_media":0,"comment_status":"open","ping_status":"open","sticky":false,"template":"","format":"standard","meta":{"nf_dc_page":"","om_disable_all_campaigns":false,"pagelayer_contact_templates":[],"_pagelayer_content":"","_jetpack_memberships_contains_paid_content":false,"footnotes":""},"categories":[1],"tags":[],"class_list":["post-165","post","type-post","status-publish","format-standard","hentry","category-uncategorized"],"jetpack_featured_media_url":"","jetpack_sharing_enabled":true,"_links":{"self":[{"href":"https:\/\/geografiacriticaecuador.org\/violenciaestadoec\/wp-json\/wp\/v2\/posts\/165","targetHints":{"allow":["GET"]}}],"collection":[{"href":"https:\/\/geografiacriticaecuador.org\/violenciaestadoec\/wp-json\/wp\/v2\/posts"}],"about":[{"href":"https:\/\/geografiacriticaecuador.org\/violenciaestadoec\/wp-json\/wp\/v2\/types\/post"}],"author":[{"embeddable":true,"href":"https:\/\/geografiacriticaecuador.org\/violenciaestadoec\/wp-json\/wp\/v2\/users\/1"}],"replies":[{"embeddable":true,"href":"https:\/\/geografiacriticaecuador.org\/violenciaestadoec\/wp-json\/wp\/v2\/comments?post=165"}],"version-history":[{"count":1,"href":"https:\/\/geografiacriticaecuador.org\/violenciaestadoec\/wp-json\/wp\/v2\/posts\/165\/revisions"}],"predecessor-version":[{"id":167,"href":"https:\/\/geografiacriticaecuador.org\/violenciaestadoec\/wp-json\/wp\/v2\/posts\/165\/revisions\/167"}],"wp:attachment":[{"href":"https:\/\/geografiacriticaecuador.org\/violenciaestadoec\/wp-json\/wp\/v2\/media?parent=165"}],"wp:term":[{"taxonomy":"category","embeddable":true,"href":"https:\/\/geografiacriticaecuador.org\/violenciaestadoec\/wp-json\/wp\/v2\/categories?post=165"},{"taxonomy":"post_tag","embeddable":true,"href":"https:\/\/geografiacriticaecuador.org\/violenciaestadoec\/wp-json\/wp\/v2\/tags?post=165"}],"curies":[{"name":"wp","href":"https:\/\/api.w.org\/{rel}","templated":true}]}}